{"id":3249,"date":"2020-07-04T12:07:46","date_gmt":"2020-07-04T12:07:46","guid":{"rendered":"http:\/\/mta-tkk.hu\/?p=3249"},"modified":"2020-07-04T12:07:46","modified_gmt":"2020-07-04T12:07:46","slug":"a-magyar-orszaggyules-elfogadta-a-magyar-jelnyelvrol-es-a-magyar-jelnyelv-hasznalatarol-szolo-torveny-modosito-javaslatat","status":"publish","type":"post","link":"https:\/\/edulingua.net\/edupage\/2020\/07\/04\/a-magyar-orszaggyules-elfogadta-a-magyar-jelnyelvrol-es-a-magyar-jelnyelv-hasznalatarol-szolo-torveny-modosito-javaslatat\/","title":{"rendered":"A Magyar Orsz\u00e1ggy\u0171l\u00e9s elfogadta a magyar jelnyelvr\u0151l \u00e9s a magyar jelnyelv haszn\u00e1lat\u00e1r\u00f3l sz\u00f3l\u00f3 t\u00f6rv\u00e9ny m\u00f3dos\u00edt\u00f3 javaslat\u00e1t"},"content":{"rendered":"\n<p class=\"has-text-color has-very-dark-gray-color\">A Magyar Orsz\u00e1ggy\u0171l\u00e9s 2020. j\u00falius 3-\u00e1n egyhang\u00falag (194 igen szavazattal) elfogadta a magyar jelnyelvr\u0151l \u00e9s a magyar jelnyelv haszn\u00e1lat\u00e1r\u00f3l sz\u00f3l\u00f3 t\u00f6rv\u00e9ny T\/10734 sz\u00e1m\u00fa m\u00f3dos\u00edt\u00f3 javaslat\u00e1t.<\/p>\n\n\n\n<p class=\"has-text-color has-very-dark-gray-color\">A magyarorsz\u00e1gi siket k\u00f6z\u00f6ss\u00e9g \u00e9s a magyar jelnyelv \u00e9let\u00e9ben kiemelked\u0151 fontoss\u00e1g\u00fa esem\u00e9ny volt a 2009. \u00e9vi CXXV. t\u00f6rv\u00e9ny elfogad\u00e1sa a magyar jelnyelvr\u0151l \u00e9s a magyar jelnyelv haszn\u00e1lat\u00e1r\u00f3l. A jelenlegi m\u00f3dos\u00edt\u00e1snak k\u00f6sz\u00f6nhet\u0151en a t\u00f6rv\u00e9ny sz\u00e1mos olyan ponttal eg\u00e9sz\u00fclt ki, amelyek az akkori sz\u00f6vegbe nem ker\u00fclhettek be, illetve amelyekkel kapcsolatosan az elm\u00falt 11 \u00e9vben egyre hat\u00e1rozottabb ig\u00e9ny jelentkezett a siket k\u00f6z\u00f6ss\u00e9g r\u00e9sz\u00e9r\u0151l.<\/p>\n\n\n\n<p class=\"has-text-color has-very-dark-gray-color\">A siket k\u00f6z\u00f6ss\u00e9g \u00e9s a magyar jelnyelv elk\u00f6telezett h\u00edvek\u00e9nt a T\u00f6bbnyelv\u0171s\u00e9gi Kutat\u00f3k\u00f6zpont munkat\u00e1rsai osztoznak a siket k\u00f6z\u00f6ss\u00e9g \u00f6r\u00f6m\u00e9ben, s gratul\u00e1lnak a jelnyelv \u00e9s a jelel\u0151 k\u00f6z\u00f6ss\u00e9g \u00fajabb siker\u00e9hez!<\/p>\n\n\n\n<p class=\"has-text-color has-very-dark-gray-color\">A t\u00f6rv\u00e9nym\u00f3dos\u00edt\u00e1sr\u00f3l a Siketek \u00e9s Nagyothall\u00f3k Orsz\u00e1gos Sz\u00f6vets\u00e9ge az al\u00e1bbi vide\u00f3ban adott h\u00edrt:<\/p>\n\n\n<p style=\"position: relative; padding: 30px 0px 57% 0px; height: 0; overflow: hidden;\"><iframe style=\"display: block; margin: 0px auto; position: absolute; top: 0; left: 0;\" src=\"https:\/\/www.youtube.com\/embed\/sJ44V4pw-G8?rel=0&amp;amp;showinfo=0&amp;autoplay=0&amp;loop=1&amp;playlist=sJ44V4pw-G8\" width=\"100%\" height=\"100%\" frameborder=\"0\"><\/iframe><\/p>","protected":false},"excerpt":{"rendered":"<p>A Magyar Orsz\u00e1ggy\u0171l\u00e9s 2020. j\u00falius 3-\u00e1n egyhang\u00falag (194 igen szavazattal) elfogadta a magyar jelnyelvr\u0151l \u00e9s a magyar jelnyelv haszn\u00e1lat\u00e1r\u00f3l sz\u00f3l\u00f3 t\u00f6rv\u00e9ny T\/10734 sz\u00e1m\u00fa m\u00f3dos\u00edt\u00f3 javaslat\u00e1t. A magyarorsz\u00e1gi siket k\u00f6z\u00f6ss\u00e9g \u00e9s a magyar jelnyelv \u00e9let\u00e9ben kiemelked\u0151 fontoss\u00e1g\u00fa esem\u00e9ny volt a 2009. &hellip; <\/p>\n","protected":false},"author":1,"featured_media":0,"comment_status":"closed","ping_status":"closed","sticky":false,"template":"","format":"standard","meta":{"_jetpack_memberships_contains_paid_content":false,"footnotes":""},"categories":[17],"tags":[],"class_list":["post-3249","post","type-post","status-publish","format-standard","hentry","category-hirek"],"jetpack_featured_media_url":"","jetpack_sharing_enabled":true,"_links":{"self":[{"href":"https:\/\/edulingua.net\/edupage\/wp-json\/wp\/v2\/posts\/3249","targetHints":{"allow":["GET"]}}],"collection":[{"href":"https:\/\/edulingua.net\/edupage\/wp-json\/wp\/v2\/posts"}],"about":[{"href":"https:\/\/edulingua.net\/edupage\/wp-json\/wp\/v2\/types\/post"}],"author":[{"embeddable":true,"href":"https:\/\/edulingua.net\/edupage\/wp-json\/wp\/v2\/users\/1"}],"replies":[{"embeddable":true,"href":"https:\/\/edulingua.net\/edupage\/wp-json\/wp\/v2\/comments?post=3249"}],"version-history":[{"count":0,"href":"https:\/\/edulingua.net\/edupage\/wp-json\/wp\/v2\/posts\/3249\/revisions"}],"wp:attachment":[{"href":"https:\/\/edulingua.net\/edupage\/wp-json\/wp\/v2\/media?parent=3249"}],"wp:term":[{"taxonomy":"category","embeddable":true,"href":"https:\/\/edulingua.net\/edupage\/wp-json\/wp\/v2\/categories?post=3249"},{"taxonomy":"post_tag","embeddable":true,"href":"https:\/\/edulingua.net\/edupage\/wp-json\/wp\/v2\/tags?post=3249"}],"curies":[{"name":"wp","href":"https:\/\/api.w.org\/{rel}","templated":true}]}}